{"id":212,"date":"2024-01-06T09:46:09","date_gmt":"2024-01-06T07:46:09","guid":{"rendered":"https:\/\/alexfagerphotography.com\/?p=212"},"modified":"2024-08-03T21:23:24","modified_gmt":"2024-08-03T18:23:24","slug":"hidas-mutta-hieno","status":"publish","type":"post","link":"https:\/\/alexfagerphotography.com\/?p=212","title":{"rendered":"Hidas mutta hieno"},"content":{"rendered":"\n<p>Eli Helsingin ratikka. Kuva on otettu M\u00e4kel\u00e4nkadulla -16 pakkasessa. Omat hennot kaupunkik\u00e4det ei kest\u00e4 t\u00e4llaisia pakkasasteita kuin muutaman minutin joten kuvien ottamisesta tulee  jonkinlainen urheilusuoritus. Suosittelen kertak\u00e4ytt\u00f6isi\u00e4 k\u00e4denl\u00e4mmittimi\u00e4, niit\u00e4 saa vaikka Motonetist\u00e4.<\/p>\n\n\n\n<p>Sony A7 iii, Tamron 70-180mm f\/2.8 @ 112mm, f\/2.8, 1\/500s, Iso 400<\/p>\n","protected":false},"excerpt":{"rendered":"<p>Eli Helsingin ratikka. Kuva on otettu M\u00e4kel\u00e4nkadulla -16 pakkasessa. Omat hennot kaupunkik\u00e4det ei kest\u00e4 t\u00e4llaisia pakkasasteita kuin muutaman minutin joten kuvien ottamisesta tulee jonkinlainen urheilusuoritus. Suosittelen kertak\u00e4ytt\u00f6isi\u00e4 k\u00e4denl\u00e4mmittimi\u00e4,&#8230;<\/p>\n","protected":false},"author":1,"featured_media":213,"comment_status":"open","ping_status":"closed","sticky":true,"template":"","format":"standard","meta":{"om_disable_all_campaigns":false,"_monsterinsights_skip_tracking":false,"_monsterinsights_sitenote_active":false,"_monsterinsights_sitenote_note":"","_monsterinsights_sitenote_category":0,"footnotes":""},"categories":[14],"tags":[20,21,22],"aioseo_notices":[],"_links":{"self":[{"href":"https:\/\/alexfagerphotography.com\/index.php?rest_route=\/wp\/v2\/posts\/212"}],"collection":[{"href":"https:\/\/alexfagerphotography.com\/index.php?rest_route=\/wp\/v2\/posts"}],"about":[{"href":"https:\/\/alexfagerphotography.com\/index.php?rest_route=\/wp\/v2\/types\/post"}],"author":[{"embeddable":true,"href":"https:\/\/alexfagerphotography.com\/index.php?rest_route=\/wp\/v2\/users\/1"}],"replies":[{"embeddable":true,"href":"https:\/\/alexfagerphotography.com\/index.php?rest_route=%2Fwp%2Fv2%2Fcomments&post=212"}],"version-history":[{"count":2,"href":"https:\/\/alexfagerphotography.com\/index.php?rest_route=\/wp\/v2\/posts\/212\/revisions"}],"predecessor-version":[{"id":222,"href":"https:\/\/alexfagerphotography.com\/index.php?rest_route=\/wp\/v2\/posts\/212\/revisions\/222"}],"wp:featuredmedia":[{"embeddable":true,"href":"https:\/\/alexfagerphotography.com\/index.php?rest_route=\/wp\/v2\/media\/213"}],"wp:attachment":[{"href":"https:\/\/alexfagerphotography.com\/index.php?rest_route=%2Fwp%2Fv2%2Fmedia&parent=212"}],"wp:term":[{"taxonomy":"category","embeddable":true,"href":"https:\/\/alexfagerphotography.com\/index.php?rest_route=%2Fwp%2Fv2%2Fcategories&post=212"},{"taxonomy":"post_tag","embeddable":true,"href":"https:\/\/alexfagerphotography.com\/index.php?rest_route=%2Fwp%2Fv2%2Ftags&post=212"}],"curies":[{"name":"wp","href":"https:\/\/api.w.org\/{rel}","templated":true}]}}